{"id":29,"date":"2025-03-13T10:11:13","date_gmt":"2025-03-13T09:11:13","guid":{"rendered":"https:\/\/www.diocesibrindisiostuni.it\/liturgia\/?p=29"},"modified":"2025-03-13T10:11:13","modified_gmt":"2025-03-13T09:11:13","slug":"sussidi-di-quaresima-e-pasqua-2025","status":"publish","type":"post","link":"https:\/\/www.diocesibrindisiostuni.it\/liturgia\/sussidi-di-quaresima-e-pasqua-2025\/","title":{"rendered":"Sussidi di Quaresima e Pasqua 2025"},"content":{"rendered":"<p>Per meditare i misteri centrali della nostra fede e celebrare in modo efficace e consapevole Cristo nostra Pasqua, anche quest\u2019anno gli Uffici della Segreteria Generale della Conferenza Episcopale Italiana ci offrono alcuni strumenti. Questo sussidio, infatti, vuole essere un aiuto perch\u00e9 le nostre comunit\u00e0 cristiane celebrino con arte i divini misteri e ogni credente possa ritrovare la forza per porre nel mondo segni di speranza.<\/p>\n<p>L\u2019Anno giubilare che stiamo vivendo ci aiuta a riscoprire la profondit\u00e0 e l\u2019autenticit\u00e0 della speranza, come capacit\u00e0 di sostare, con sguardo stupito e commosso, dinanzi all\u2019opera di Dio che visita la complessit\u00e0 e la frammentariet\u00e0 della storia. Questa tensione spirituale connota anche il Tempo di Quaresima, \u00abitinerario verso la luce pasquale sulle orme di Cristo, maestro e modello dell\u2019umanit\u00e0 riconciliata nell\u2019amore\u00bb (prefazio di Quaresima V).<\/p>\n<p>Nei quaranta giorni del cammino battesimale e penitenziale che ci attendono, la Chiesa, popolo dell\u2019esodo, compie un pellegrinaggio che culmina nell\u2019incontro pasquale con Cristo, morto e risorto. In quest\u2019ottica, la Quaresima non \u00e8 un tempo triste, ma un tempo favorevole di rinnovamento spirituale che con il digiuno, la carit\u00e0 e la preghiera ci sprona a non fondare la nostra speranza nelle illusioni effimere e fugaci, ma a radicarla nella pienezza e densit\u00e0 dell\u2019amore di Dio, che \u00abha tanto amato il mondo da dare il Figlio unigenito, perch\u00e9 chiunque crede in lui non vada perduto, ma abbia la vita eterna\u00bb (Gv 3, 16).<\/p>\n<p>Il deserto quaresimale orienta i nostri passi al sepolcro vuoto, testimone eloquente della gioia della Pasqua e grembo fecondo di un mondo nuovo. A questo mistero la liturgia della Chiesa dedica cinquanta giorni che profumano della vita che non muore, della speranza che non delude e dell\u2019amore che non ha confini. In questo unico giorno di festa, come per i primi discepoli e discepole di Ges\u00f9, il Risorto si fa viandante delle nostre storie: Egli accoglie le nostre delusioni e le nostre fatiche e, attraversandole con la luce della Pasqua, le apre a un nuovo orizzonte di senso.<\/p>\n<p>Nella grande Domenica riecheggia anche un canto di gioia che si imprime profondamente anche in noi: \u00abLodiamo dunque il Signore che \u00e8 nei cieli, o carissimi. Lo diamo Dio; diciamo: Alleluia! Con questi giorni significhiamo il giorno senza fine. Significhiamo nel luogo della mortalit\u00e0 il tempo dell\u2019immortalit\u00e0. Camminiamo spediti verso la casa eterna. [\u2026] Lass\u00f9 non loderemo Dio per cinquanta giorni ma, come sta scritto, nei secoli dei secoli. Vedremo, ameremo, loderemo. Non si logorer\u00e0 quel che vedremo, non verr\u00e0 meno ci\u00f2 che ameremo, non ci sar\u00e0 silenzio nel nostro lodare. Tutto sar\u00e0 perpetuo, nulla avr\u00e0 termine\u00bb (Sant\u2019Agostino, Discorso 254).<\/p>\n<p>Per meditare i misteri centrali della nostra fede e celebrare in modo efficace e consapevole Cristo nostra Pasqua, anche quest\u2019anno gli Uffici della Segreteria Generale della Conferenza Episcopale Italiana ci offrono alcuni strumenti. Questo sussidio, infatti, vuole essere un aiuto perch\u00e9 le nostre comunit\u00e0 cristiane celebrino con arte i divini misteri e ogni credente possa ritrovare la forza per porre nel mondo segni di speranza.<\/p>\n<p><em>Giuseppe Baturi<\/em><br \/>\n<em>Segretario Generale della CEI<\/em><\/p>\n","protected":false},"excerpt":{"rendered":"<p>Per meditare i misteri centrali della nostra fede e celebrare in modo efficace e consapevole Cristo nostra Pasqua, anche quest\u2019anno gli Uffici della Segreteria Generale della Conferenza Episcopale Italiana ci offrono alcuni strumenti. Questo sussidio, infatti, vuole essere un aiuto perch\u00e9 le nostre comunit\u00e0 cristiane celebrino con arte i divini misteri e ogni credente possa [&hellip;]<\/p>\n","protected":false},"author":0,"featured_media":30,"comment_status":"closed","ping_status":"closed","sticky":false,"template":"","format":"standard","meta":{"_acf_changed":false,"footnotes":""},"categories":[3],"tags":[],"acf":[],"yoast_head":"<!-- This site is optimized with the Yoast SEO plugin v22.3 - https:\/\/yoast.com\/wordpress\/plugins\/seo\/ -->\n<title>Sussidi di Quaresima e Pasqua 2025 - Ufficio Liturgico<\/title>\n<meta name=\"robots\" content=\"index, follow, max-snippet:-1, max-image-preview:large, max-video-preview:-1\" \/>\n<link rel=\"canonical\" href=\"https:\/\/www.diocesibrindisiostuni.it\/liturgia\/sussidi-di-quaresima-e-pasqua-2025\/\" \/>\n<meta property=\"og:locale\" content=\"it_IT\" \/>\n<meta property=\"og:type\" content=\"article\" \/>\n<meta property=\"og:title\" content=\"Sussidi di Quaresima e Pasqua 2025 - Ufficio Liturgico\" \/>\n<meta property=\"og:description\" content=\"Per meditare i misteri centrali della nostra fede e celebrare in modo efficace e consapevole Cristo nostra Pasqua, anche quest\u2019anno gli Uffici della Segreteria Generale della Conferenza Episcopale Italiana ci offrono alcuni strumenti. Questo sussidio, infatti, vuole essere un aiuto perch\u00e9 le nostre comunit\u00e0 cristiane celebrino con arte i divini misteri e ogni credente possa [&hellip;]\" \/>\n<meta property=\"og:url\" content=\"https:\/\/www.diocesibrindisiostuni.it\/liturgia\/sussidi-di-quaresima-e-pasqua-2025\/\" \/>\n<meta property=\"og:site_name\" content=\"Ufficio Liturgico\" \/>\n<meta property=\"article:published_time\" content=\"2025-03-13T09:11:13+00:00\" \/>\n<meta property=\"og:image\" content=\"https:\/\/www.diocesibrindisiostuni.it\/liturgia\/wp-content\/uploads\/sites\/5\/2025\/03\/Prima-immagine-1024x640-1.jpg\" \/>\n\t<meta property=\"og:image:width\" content=\"1024\" \/>\n\t<meta property=\"og:image:height\" content=\"640\" \/>\n\t<meta property=\"og:image:type\" content=\"image\/jpeg\" \/>\n<meta name=\"author\" content=\"sEEd_aDm_wP\" \/>\n<meta name=\"twitter:card\" content=\"summary_large_image\" \/>\n<meta name=\"twitter:label1\" content=\"Scritto da\" \/>\n\t<meta name=\"twitter:data1\" content=\"\" \/>\n\t<meta name=\"twitter:label2\" content=\"Tempo di lettura stimato\" \/>\n\t<meta name=\"twitter:data2\" content=\"3 minuti\" \/>\n<script type=\"application\/ld+json\" class=\"yoast-schema-graph\">{\"@context\":\"https:\/\/schema.org\",\"@graph\":[{\"@type\":\"Article\",\"@id\":\"https:\/\/www.diocesibrindisiostuni.it\/liturgia\/sussidi-di-quaresima-e-pasqua-2025\/#article\",\"isPartOf\":{\"@id\":\"https:\/\/www.diocesibrindisiostuni.it\/liturgia\/sussidi-di-quaresima-e-pasqua-2025\/\"},\"author\":{\"name\":\"sEEd_aDm_wP\",\"@id\":\"https:\/\/www.diocesibrindisiostuni.it\/liturgia\/#\/schema\/person\/288cc8ac725effe6e2bcd454c3c40fcd\"},\"headline\":\"Sussidi di Quaresima e Pasqua 2025\",\"datePublished\":\"2025-03-13T09:11:13+00:00\",\"dateModified\":\"2025-03-13T09:11:13+00:00\",\"mainEntityOfPage\":{\"@id\":\"https:\/\/www.diocesibrindisiostuni.it\/liturgia\/sussidi-di-quaresima-e-pasqua-2025\/\"},\"wordCount\":514,\"publisher\":{\"@id\":\"https:\/\/www.diocesibrindisiostuni.it\/liturgia\/#organization\"},\"image\":{\"@id\":\"https:\/\/www.diocesibrindisiostuni.it\/liturgia\/sussidi-di-quaresima-e-pasqua-2025\/#primaryimage\"},\"thumbnailUrl\":\"https:\/\/www.diocesibrindisiostuni.it\/liturgia\/wp-content\/uploads\/sites\/5\/2025\/03\/Prima-immagine-1024x640-1.jpg\",\"articleSection\":[\"News\"],\"inLanguage\":\"it-IT\"},{\"@type\":\"WebPage\",\"@id\":\"https:\/\/www.diocesibrindisiostuni.it\/liturgia\/sussidi-di-quaresima-e-pasqua-2025\/\",\"url\":\"https:\/\/www.diocesibrindisiostuni.it\/liturgia\/sussidi-di-quaresima-e-pasqua-2025\/\",\"name\":\"Sussidi di Quaresima e Pasqua 2025 - Ufficio Liturgico\",\"isPartOf\":{\"@id\":\"https:\/\/www.diocesibrindisiostuni.it\/liturgia\/#website\"},\"primaryImageOfPage\":{\"@id\":\"https:\/\/www.diocesibrindisiostuni.it\/liturgia\/sussidi-di-quaresima-e-pasqua-2025\/#primaryimage\"},\"image\":{\"@id\":\"https:\/\/www.diocesibrindisiostuni.it\/liturgia\/sussidi-di-quaresima-e-pasqua-2025\/#primaryimage\"},\"thumbnailUrl\":\"https:\/\/www.diocesibrindisiostuni.it\/liturgia\/wp-content\/uploads\/sites\/5\/2025\/03\/Prima-immagine-1024x640-1.jpg\",\"datePublished\":\"2025-03-13T09:11:13+00:00\",\"dateModified\":\"2025-03-13T09:11:13+00:00\",\"breadcrumb\":{\"@id\":\"https:\/\/www.diocesibrindisiostuni.it\/liturgia\/sussidi-di-quaresima-e-pasqua-2025\/#breadcrumb\"},\"inLanguage\":\"it-IT\",\"potentialAction\":[{\"@type\":\"ReadAction\",\"target\":[\"https:\/\/www.diocesibrindisiostuni.it\/liturgia\/sussidi-di-quaresima-e-pasqua-2025\/\"]}]},{\"@type\":\"ImageObject\",\"inLanguage\":\"it-IT\",\"@id\":\"https:\/\/www.diocesibrindisiostuni.it\/liturgia\/sussidi-di-quaresima-e-pasqua-2025\/#primaryimage\",\"url\":\"https:\/\/www.diocesibrindisiostuni.it\/liturgia\/wp-content\/uploads\/sites\/5\/2025\/03\/Prima-immagine-1024x640-1.jpg\",\"contentUrl\":\"https:\/\/www.diocesibrindisiostuni.it\/liturgia\/wp-content\/uploads\/sites\/5\/2025\/03\/Prima-immagine-1024x640-1.jpg\",\"width\":1024,\"height\":640},{\"@type\":\"BreadcrumbList\",\"@id\":\"https:\/\/www.diocesibrindisiostuni.it\/liturgia\/sussidi-di-quaresima-e-pasqua-2025\/#breadcrumb\",\"itemListElement\":[{\"@type\":\"ListItem\",\"position\":1,\"name\":\"Home\",\"item\":\"https:\/\/www.diocesibrindisiostuni.it\/liturgia\/\"},{\"@type\":\"ListItem\",\"position\":2,\"name\":\"Sussidi di Quaresima e Pasqua 2025\"}]},{\"@type\":\"WebSite\",\"@id\":\"https:\/\/www.diocesibrindisiostuni.it\/liturgia\/#website\",\"url\":\"https:\/\/www.diocesibrindisiostuni.it\/liturgia\/\",\"name\":\"Ufficio Liturgico\",\"description\":\"Arcidiocesi di Brindisi - Ostuni\",\"publisher\":{\"@id\":\"https:\/\/www.diocesibrindisiostuni.it\/liturgia\/#organization\"},\"potentialAction\":[{\"@type\":\"SearchAction\",\"target\":{\"@type\":\"EntryPoint\",\"urlTemplate\":\"https:\/\/www.diocesibrindisiostuni.it\/liturgia\/?s={search_term_string}\"},\"query-input\":\"required name=search_term_string\"}],\"inLanguage\":\"it-IT\"},{\"@type\":\"Organization\",\"@id\":\"https:\/\/www.diocesibrindisiostuni.it\/liturgia\/#organization\",\"name\":\"Ufficio Liturgico\",\"url\":\"https:\/\/www.diocesibrindisiostuni.it\/liturgia\/\",\"logo\":{\"@type\":\"ImageObject\",\"inLanguage\":\"it-IT\",\"@id\":\"https:\/\/www.diocesibrindisiostuni.it\/liturgia\/#\/schema\/logo\/image\/\",\"url\":\"https:\/\/www.diocesibrindisiostuni.it\/liturgia\/wp-content\/uploads\/sites\/5\/2025\/03\/logo_dioc.png\",\"contentUrl\":\"https:\/\/www.diocesibrindisiostuni.it\/liturgia\/wp-content\/uploads\/sites\/5\/2025\/03\/logo_dioc.png\",\"width\":95,\"height\":95,\"caption\":\"Ufficio Liturgico\"},\"image\":{\"@id\":\"https:\/\/www.diocesibrindisiostuni.it\/liturgia\/#\/schema\/logo\/image\/\"}}]}<\/script>\n<!-- \/ Yoast SEO plugin. -->","yoast_head_json":{"title":"Sussidi di Quaresima e Pasqua 2025 - Ufficio Liturgico","robots":{"index":"index","follow":"follow","max-snippet":"max-snippet:-1","max-image-preview":"max-image-preview:large","max-video-preview":"max-video-preview:-1"},"canonical":"https:\/\/www.diocesibrindisiostuni.it\/liturgia\/sussidi-di-quaresima-e-pasqua-2025\/","og_locale":"it_IT","og_type":"article","og_title":"Sussidi di Quaresima e Pasqua 2025 - Ufficio Liturgico","og_description":"Per meditare i misteri centrali della nostra fede e celebrare in modo efficace e consapevole Cristo nostra Pasqua, anche quest\u2019anno gli Uffici della Segreteria Generale della Conferenza Episcopale Italiana ci offrono alcuni strumenti. Questo sussidio, infatti, vuole essere un aiuto perch\u00e9 le nostre comunit\u00e0 cristiane celebrino con arte i divini misteri e ogni credente possa [&hellip;]","og_url":"https:\/\/www.diocesibrindisiostuni.it\/liturgia\/sussidi-di-quaresima-e-pasqua-2025\/","og_site_name":"Ufficio Liturgico","article_published_time":"2025-03-13T09:11:13+00:00","og_image":[{"width":1024,"height":640,"url":"https:\/\/www.diocesibrindisiostuni.it\/liturgia\/wp-content\/uploads\/sites\/5\/2025\/03\/Prima-immagine-1024x640-1.jpg","type":"image\/jpeg"}],"author":"sEEd_aDm_wP","twitter_card":"summary_large_image","twitter_misc":{"Scritto da":"","Tempo di lettura stimato":"3 minuti"},"schema":{"@context":"https:\/\/schema.org","@graph":[{"@type":"Article","@id":"https:\/\/www.diocesibrindisiostuni.it\/liturgia\/sussidi-di-quaresima-e-pasqua-2025\/#article","isPartOf":{"@id":"https:\/\/www.diocesibrindisiostuni.it\/liturgia\/sussidi-di-quaresima-e-pasqua-2025\/"},"author":{"name":"sEEd_aDm_wP","@id":"https:\/\/www.diocesibrindisiostuni.it\/liturgia\/#\/schema\/person\/288cc8ac725effe6e2bcd454c3c40fcd"},"headline":"Sussidi di Quaresima e Pasqua 2025","datePublished":"2025-03-13T09:11:13+00:00","dateModified":"2025-03-13T09:11:13+00:00","mainEntityOfPage":{"@id":"https:\/\/www.diocesibrindisiostuni.it\/liturgia\/sussidi-di-quaresima-e-pasqua-2025\/"},"wordCount":514,"publisher":{"@id":"https:\/\/www.diocesibrindisiostuni.it\/liturgia\/#organization"},"image":{"@id":"https:\/\/www.diocesibrindisiostuni.it\/liturgia\/sussidi-di-quaresima-e-pasqua-2025\/#primaryimage"},"thumbnailUrl":"https:\/\/www.diocesibrindisiostuni.it\/liturgia\/wp-content\/uploads\/sites\/5\/2025\/03\/Prima-immagine-1024x640-1.jpg","articleSection":["News"],"inLanguage":"it-IT"},{"@type":"WebPage","@id":"https:\/\/www.diocesibrindisiostuni.it\/liturgia\/sussidi-di-quaresima-e-pasqua-2025\/","url":"https:\/\/www.diocesibrindisiostuni.it\/liturgia\/sussidi-di-quaresima-e-pasqua-2025\/","name":"Sussidi di Quaresima e Pasqua 2025 - Ufficio Liturgico","isPartOf":{"@id":"https:\/\/www.diocesibrindisiostuni.it\/liturgia\/#website"},"primaryImageOfPage":{"@id":"https:\/\/www.diocesibrindisiostuni.it\/liturgia\/sussidi-di-quaresima-e-pasqua-2025\/#primaryimage"},"image":{"@id":"https:\/\/www.diocesibrindisiostuni.it\/liturgia\/sussidi-di-quaresima-e-pasqua-2025\/#primaryimage"},"thumbnailUrl":"https:\/\/www.diocesibrindisiostuni.it\/liturgia\/wp-content\/uploads\/sites\/5\/2025\/03\/Prima-immagine-1024x640-1.jpg","datePublished":"2025-03-13T09:11:13+00:00","dateModified":"2025-03-13T09:11:13+00:00","breadcrumb":{"@id":"https:\/\/www.diocesibrindisiostuni.it\/liturgia\/sussidi-di-quaresima-e-pasqua-2025\/#breadcrumb"},"inLanguage":"it-IT","potentialAction":[{"@type":"ReadAction","target":["https:\/\/www.diocesibrindisiostuni.it\/liturgia\/sussidi-di-quaresima-e-pasqua-2025\/"]}]},{"@type":"ImageObject","inLanguage":"it-IT","@id":"https:\/\/www.diocesibrindisiostuni.it\/liturgia\/sussidi-di-quaresima-e-pasqua-2025\/#primaryimage","url":"https:\/\/www.diocesibrindisiostuni.it\/liturgia\/wp-content\/uploads\/sites\/5\/2025\/03\/Prima-immagine-1024x640-1.jpg","contentUrl":"https:\/\/www.diocesibrindisiostuni.it\/liturgia\/wp-content\/uploads\/sites\/5\/2025\/03\/Prima-immagine-1024x640-1.jpg","width":1024,"height":640},{"@type":"BreadcrumbList","@id":"https:\/\/www.diocesibrindisiostuni.it\/liturgia\/sussidi-di-quaresima-e-pasqua-2025\/#breadcrumb","itemListElement":[{"@type":"ListItem","position":1,"name":"Home","item":"https:\/\/www.diocesibrindisiostuni.it\/liturgia\/"},{"@type":"ListItem","position":2,"name":"Sussidi di Quaresima e Pasqua 2025"}]},{"@type":"WebSite","@id":"https:\/\/www.diocesibrindisiostuni.it\/liturgia\/#website","url":"https:\/\/www.diocesibrindisiostuni.it\/liturgia\/","name":"Ufficio Liturgico","description":"Arcidiocesi di Brindisi - Ostuni","publisher":{"@id":"https:\/\/www.diocesibrindisiostuni.it\/liturgia\/#organization"},"potentialAction":[{"@type":"SearchAction","target":{"@type":"EntryPoint","urlTemplate":"https:\/\/www.diocesibrindisiostuni.it\/liturgia\/?s={search_term_string}"},"query-input":"required name=search_term_string"}],"inLanguage":"it-IT"},{"@type":"Organization","@id":"https:\/\/www.diocesibrindisiostuni.it\/liturgia\/#organization","name":"Ufficio Liturgico","url":"https:\/\/www.diocesibrindisiostuni.it\/liturgia\/","logo":{"@type":"ImageObject","inLanguage":"it-IT","@id":"https:\/\/www.diocesibrindisiostuni.it\/liturgia\/#\/schema\/logo\/image\/","url":"https:\/\/www.diocesibrindisiostuni.it\/liturgia\/wp-content\/uploads\/sites\/5\/2025\/03\/logo_dioc.png","contentUrl":"https:\/\/www.diocesibrindisiostuni.it\/liturgia\/wp-content\/uploads\/sites\/5\/2025\/03\/logo_dioc.png","width":95,"height":95,"caption":"Ufficio Liturgico"},"image":{"@id":"https:\/\/www.diocesibrindisiostuni.it\/liturgia\/#\/schema\/logo\/image\/"}}]}},"_links":{"self":[{"href":"https:\/\/www.diocesibrindisiostuni.it\/liturgia\/wp-json\/wp\/v2\/posts\/29"}],"collection":[{"href":"https:\/\/www.diocesibrindisiostuni.it\/liturgia\/wp-json\/wp\/v2\/posts"}],"about":[{"href":"https:\/\/www.diocesibrindisiostuni.it\/liturgia\/wp-json\/wp\/v2\/types\/post"}],"author":[{"embeddable":true,"href":"https:\/\/www.diocesibrindisiostuni.it\/liturgia\/wp-json\/wp\/v2\/users\/1"}],"replies":[{"embeddable":true,"href":"https:\/\/www.diocesibrindisiostuni.it\/liturgia\/wp-json\/wp\/v2\/comments?post=29"}],"version-history":[{"count":1,"href":"https:\/\/www.diocesibrindisiostuni.it\/liturgia\/wp-json\/wp\/v2\/posts\/29\/revisions"}],"predecessor-version":[{"id":31,"href":"https:\/\/www.diocesibrindisiostuni.it\/liturgia\/wp-json\/wp\/v2\/posts\/29\/revisions\/31"}],"wp:featuredmedia":[{"embeddable":true,"href":"https:\/\/www.diocesibrindisiostuni.it\/liturgia\/wp-json\/wp\/v2\/media\/30"}],"wp:attachment":[{"href":"https:\/\/www.diocesibrindisiostuni.it\/liturgia\/wp-json\/wp\/v2\/media?parent=29"}],"wp:term":[{"taxonomy":"category","embeddable":true,"href":"https:\/\/www.diocesibrindisiostuni.it\/liturgia\/wp-json\/wp\/v2\/categories?post=29"},{"taxonomy":"post_tag","embeddable":true,"href":"https:\/\/www.diocesibrindisiostuni.it\/liturgia\/wp-json\/wp\/v2\/tags?post=29"}],"curies":[{"name":"wp","href":"https:\/\/api.w.org\/{rel}","templated":true}]}}